{"id":1206,"date":"2025-11-05T14:46:46","date_gmt":"2025-11-05T11:46:46","guid":{"rendered":"https:\/\/outloud.fi\/?p=1206"},"modified":"2025-11-26T12:01:05","modified_gmt":"2025-11-26T09:01:05","slug":"katse-tutkittua-tietoa-ja-kaytannon-kokemuksia","status":"publish","type":"post","link":"https:\/\/outloud.fi\/en\/2025\/11\/05\/katse-tutkittua-tietoa-ja-kaytannon-kokemuksia\/","title":{"rendered":"Katse &#8211; Vuorovaikutuksen ja toiminnan perusta."},"content":{"rendered":"<h2>Katse &#8211; Vuorovaikutuksen ja toiminnan perusta.<\/h2>\n<h3>Webinaari 6.2. sek\u00e4 13.2.2026 klo 12.30 &#8211; 15.30<\/h3>\n<p>Tampereen Kuntoutuspaja osk j\u00e4rjest\u00e4\u00e4 kaksiosaisen webinaarin aiheena katse. Koulutuksessa k\u00e4sitell\u00e4\u00e4n miten katse kehittyy ja mit\u00e4 tarvitaan, jotta lapsi oppii hallitsemaan silmien liikett\u00e4. Puhumme katseen merkityksest\u00e4 kommunikointiin ja vuorovaikutukseen sek\u00e4 pohdimme my\u00f6s katseen k\u00e4yt\u00f6n vaikeuksia ja kuntoutusta. T\u00e4rke\u00e4n\u00e4 viitekehyksen\u00e4 on sensitiivinen l\u00e4hestymistapa kaikessa kuntoutuksessa.<\/p>\n<p>Moniammatillinen koulutus on suunnattu terapeuteille ja varhaiskasvatuksen ammattilaisille.<\/p>\n<p><strong>Mit\u00e4<\/strong>: Katse &#8211; tutkittua tietoa ja k\u00e4yt\u00e4nn\u00f6n kokemuksia, kaksiosainen webinaari 2 x 3h<\/p>\n<p><strong>Milloin<\/strong>: 6.2.2026 klo 12.30 &#8211; 15.30 sek\u00e4 13.2.2026 klo 12.30 &#8211; 15.30<\/p>\n<p><strong>Hinta<\/strong>: 90 \u20ac<\/p>\n<p><strong>Miss\u00e4<\/strong>: Zoomissa. Teemme my\u00f6s nauhoituksen koulutuksesta.<\/p>\n<p><strong>For More Information and Registration<\/strong>:\u00a0<a href=\"https:\/\/forms.gle\/gcVCzjrv8Cz4rJSc7\" target=\"_blank\" rel=\"noopener\" data-saferedirecturl=\"https:\/\/www.google.com\/url?q=https:\/\/forms.gle\/gcVCzjrv8Cz4rJSc7&amp;source=gmail&amp;ust=1762428032011000&amp;usg=AOvVaw1N58Bi9q76B5_Gr9ajn62s\">https:\/\/<wbr \/>forms.gle\/gcVCzjrv8Cz4rJSc7<\/a><\/p>\n<p>Me Kuntoutuspajalla arvostamme moniammatillista otetta kuntoutusty\u00f6ss\u00e4 ja siksi j\u00e4rjest\u00e4mme koulutuksen eri ammattiryhmien yhteisty\u00f6n\u00e4. Kouluttajina toimivat Tampereen Kuntoutuspaja osk:n terapeutit ja vierailevana luennoitsijana neuropsykologian erikoispsykologi Mari Muuvila.<\/p>\n<ul>\n<li>Eveliina Zegblah, toimintaterapeutti (Sensorisen integraation teorian ja terapian koulutus)<\/li>\n<li>Mari Halttula-Kalajainen, toimintaterapeutti (Sensorisen integraation teorian ja terapian koulutus)<\/li>\n<li>Mari Muuvila, neuropsykologian erikoispsykologi<\/li>\n<li>Heini-Maija Toivonen, toimintaterapeutti (Sensorisen integraation teorian ja terapian koulutus)<\/li>\n<li>Ulla Sergejeff, puheterapeutti, FM<\/li>\n<li>Tarja Sepp\u00e4nen, puheterapeutti, FM, neurovahvistaja<\/li>\n<\/ul>","protected":false},"excerpt":{"rendered":"<p>Katse &#8211; Vuorovaikutuksen ja toiminnan perusta. Webinaari 6.2. sek\u00e4 13.2.2026  [&#8230;]<\/p>\n","protected":false},"author":1,"featured_media":1207,"comment_status":"closed","ping_status":"closed","sticky":false,"template":"","format":"standard","meta":{"footnotes":""},"categories":[24,20],"tags":[],"class_list":["post-1206","post","type-post","status-publish","format-standard","has-post-thumbnail","hentry","category-etusivu","category-koulutus"],"_links":{"self":[{"href":"https:\/\/outloud.fi\/en\/wp-json\/wp\/v2\/posts\/1206","targetHints":{"allow":["GET"]}}],"collection":[{"href":"https:\/\/outloud.fi\/en\/wp-json\/wp\/v2\/posts"}],"about":[{"href":"https:\/\/outloud.fi\/en\/wp-json\/wp\/v2\/types\/post"}],"author":[{"embeddable":true,"href":"https:\/\/outloud.fi\/en\/wp-json\/wp\/v2\/users\/1"}],"replies":[{"embeddable":true,"href":"https:\/\/outloud.fi\/en\/wp-json\/wp\/v2\/comments?post=1206"}],"version-history":[{"count":7,"href":"https:\/\/outloud.fi\/en\/wp-json\/wp\/v2\/posts\/1206\/revisions"}],"predecessor-version":[{"id":1215,"href":"https:\/\/outloud.fi\/en\/wp-json\/wp\/v2\/posts\/1206\/revisions\/1215"}],"wp:featuredmedia":[{"embeddable":true,"href":"https:\/\/outloud.fi\/en\/wp-json\/wp\/v2\/media\/1207"}],"wp:attachment":[{"href":"https:\/\/outloud.fi\/en\/wp-json\/wp\/v2\/media?parent=1206"}],"wp:term":[{"taxonomy":"category","embeddable":true,"href":"https:\/\/outloud.fi\/en\/wp-json\/wp\/v2\/categories?post=1206"},{"taxonomy":"post_tag","embeddable":true,"href":"https:\/\/outloud.fi\/en\/wp-json\/wp\/v2\/tags?post=1206"}],"curies":[{"name":"wp","href":"https:\/\/api.w.org\/{rel}","templated":true}]}}